{"id":160,"date":"2014-05-07T18:33:00","date_gmt":"2014-05-07T17:33:00","guid":{"rendered":"http:\/\/www.embellissement-montfaucon.ch\/wp\/?p=160"},"modified":"2014-07-26T20:44:45","modified_gmt":"2014-07-26T19:44:45","slug":"2014-depouilles","status":"publish","type":"post","link":"https:\/\/www.embellissement-montfaucon.ch\/wp\/?p=160","title":{"rendered":"2014 &#8211; D\u00e9pouilles"},"content":{"rendered":"<p>L&rsquo;alimentation en bois des places de pic-nic est une des premi\u00e8res t\u00e2ches \u00e0 accomplir avec l&rsquo;arriv\u00e9e de la belle saison.<br \/>\nAinsi, la place sur la cr\u00eate du Reka, celle du Pr\u00e9-Petitjean ainsi que la cabane sont r\u00e9guli\u00e8rement maintenues \u00e0 jour.<br \/>\nPar la m\u00eame occasion, ces travaux permettent \u00e9galement de nettoyer un coin de p\u00e2turage, le tout \u00e9videmment dans la bonne humeur.<\/p>\n<p>Merci aux b\u00e9n\u00e9voles qui sont venus nous pr\u00eater main-forte.<\/p>\n<p><a href=\"http:\/\/www.embellissement-montfaucon.ch\/wp\/wp-content\/uploads\/2014\/05\/wpid-dsc_0479.jpg\"><img decoding=\"async\" class=\"alignnone size-full\" title=\"DSC_0479.jpg\" src=\"http:\/\/www.embellissement-montfaucon.ch\/wp\/wp-content\/uploads\/2014\/05\/wpid-dsc_0479.jpg\" alt=\"image\" \/><\/a><\/p>\n<p><a href=\"http:\/\/www.embellissement-montfaucon.ch\/wp\/wp-content\/uploads\/2014\/05\/wpid-dsc_0483.jpg\"><img decoding=\"async\" class=\"alignnone size-full\" title=\"DSC_0483.jpg\" src=\"http:\/\/www.embellissement-montfaucon.ch\/wp\/wp-content\/uploads\/2014\/05\/wpid-dsc_0483.jpg\" alt=\"image\" \/><\/a><\/p>\n<p><a href=\"http:\/\/www.embellissement-montfaucon.ch\/wp\/wp-content\/uploads\/2014\/05\/wpid-dsc_0511.jpg\"><img decoding=\"async\" class=\"alignnone size-full\" title=\"DSC_0511.jpg\" src=\"http:\/\/www.embellissement-montfaucon.ch\/wp\/wp-content\/uploads\/2014\/05\/wpid-dsc_0511.jpg\" alt=\"image\" \/><\/a><\/p>\n","protected":false},"excerpt":{"rendered":"<p>L&rsquo;alimentation en bois des places de pic-nic est une des premi\u00e8res t\u00e2ches \u00e0 accomplir avec l&rsquo;arriv\u00e9e de la belle saison. Ainsi, la place sur la cr\u00eate du Reka, celle du Pr\u00e9-Petitjean ainsi que la cabane sont r\u00e9guli\u00e8rement maintenues \u00e0 jour. &hellip; <a href=\"https:\/\/www.embellissement-montfaucon.ch\/wp\/?p=160\">Continuer la lecture <span class=\"meta-nav\">&rarr;<\/span><\/a><\/p>\n","protected":false},"author":1,"featured_media":0,"comment_status":"closed","ping_status":"closed","sticky":false,"template":"","format":"standard","meta":{"footnotes":""},"categories":[11],"tags":[],"class_list":["post-160","post","type-post","status-publish","format-standard","hentry","category-boisdepouille"],"_links":{"self":[{"href":"https:\/\/www.embellissement-montfaucon.ch\/wp\/index.php?rest_route=\/wp\/v2\/posts\/160","targetHints":{"allow":["GET"]}}],"collection":[{"href":"https:\/\/www.embellissement-montfaucon.ch\/wp\/index.php?rest_route=\/wp\/v2\/posts"}],"about":[{"href":"https:\/\/www.embellissement-montfaucon.ch\/wp\/index.php?rest_route=\/wp\/v2\/types\/post"}],"author":[{"embeddable":true,"href":"https:\/\/www.embellissement-montfaucon.ch\/wp\/index.php?rest_route=\/wp\/v2\/users\/1"}],"replies":[{"embeddable":true,"href":"https:\/\/www.embellissement-montfaucon.ch\/wp\/index.php?rest_route=%2Fwp%2Fv2%2Fcomments&post=160"}],"version-history":[{"count":3,"href":"https:\/\/www.embellissement-montfaucon.ch\/wp\/index.php?rest_route=\/wp\/v2\/posts\/160\/revisions"}],"predecessor-version":[{"id":187,"href":"https:\/\/www.embellissement-montfaucon.ch\/wp\/index.php?rest_route=\/wp\/v2\/posts\/160\/revisions\/187"}],"wp:attachment":[{"href":"https:\/\/www.embellissement-montfaucon.ch\/wp\/index.php?rest_route=%2Fwp%2Fv2%2Fmedia&parent=160"}],"wp:term":[{"taxonomy":"category","embeddable":true,"href":"https:\/\/www.embellissement-montfaucon.ch\/wp\/index.php?rest_route=%2Fwp%2Fv2%2Fcategories&post=160"},{"taxonomy":"post_tag","embeddable":true,"href":"https:\/\/www.embellissement-montfaucon.ch\/wp\/index.php?rest_route=%2Fwp%2Fv2%2Ftags&post=160"}],"curies":[{"name":"wp","href":"https:\/\/api.w.org\/{rel}","templated":true}]}}