{"id":175,"date":"2014-06-09T18:32:40","date_gmt":"2014-06-09T17:32:40","guid":{"rendered":"http:\/\/www.embellissement-montfaucon.ch\/wp\/?p=175"},"modified":"2014-06-11T08:10:26","modified_gmt":"2014-06-11T07:10:26","slug":"a-la-decouverte-des-plantes-de-chez-nous","status":"publish","type":"post","link":"https:\/\/www.embellissement-montfaucon.ch\/wp\/?p=175","title":{"rendered":"A la d\u00e9couverte des plantes de chez nous"},"content":{"rendered":"<p>Pour ce lundi de Pentec\u00f4te, avec une m\u00e9t\u00e9o caniculaire, il ne fallait pas pr\u00e9voir une trop grande exp\u00e9dition.<\/p>\n<p><a href=\"http:\/\/www.embellissement-montfaucon.ch\/wp\/wp-content\/uploads\/2014\/06\/wpid-dsc_0707-e1402349417666.jpg\"><img loading=\"lazy\" decoding=\"async\" class=\"aligncenter size-thumbnail wp-image-168\" src=\"http:\/\/www.embellissement-montfaucon.ch\/wp\/wp-content\/uploads\/2014\/06\/wpid-dsc_0707-150x150.jpg\" alt=\"wpid-dsc_0707.jpg\" width=\"150\" height=\"150\" \/><\/a><\/p>\n<p>Ainsi donc, sous la houlette de Maria-Luisa Wenger, nous avons parcourus les talus et bosquets qui bordent les chemins du village et de la nature environnante, et d\u00e9couvert attentivement les ressources et bienfaits de toutes ces plantes qui nous entourent.<br \/>\n<a href=\"http:\/\/www.embellissement-montfaucon.ch\/wp\/wp-content\/uploads\/2014\/06\/wpid-dsc_0710-e1402349396702.jpg\"><img loading=\"lazy\" decoding=\"async\" class=\"aligncenter size-thumbnail wp-image-170\" src=\"http:\/\/www.embellissement-montfaucon.ch\/wp\/wp-content\/uploads\/2014\/06\/wpid-dsc_0710-e1402349396702-150x150.jpg\" alt=\"wpid-dsc_0710.jpg\" width=\"150\" height=\"150\" \/><\/a><\/p>\n<p>Plantes aromatiques, calmantes, soignantes, curatives, il y a tout ce qu&rsquo;il faut pour notre bien-\u00eatre dans notre environnement proche, et pourtant bien souvent nous n&rsquo;en soup\u00e7onnons m\u00eame pas l&rsquo;existence. <a href=\"http:\/\/www.embellissement-montfaucon.ch\/wp\/wp-content\/uploads\/2014\/06\/wpid-dsc_0722-e1402349198585.jpg\"><img loading=\"lazy\" decoding=\"async\" class=\"aligncenter size-thumbnail wp-image-169\" src=\"http:\/\/www.embellissement-montfaucon.ch\/wp\/wp-content\/uploads\/2014\/06\/wpid-dsc_0722-e1402349177431-150x150.jpg\" alt=\"wpid-dsc_0722.jpg\" width=\"150\" height=\"150\" \/><\/a><\/p>\n<p>En nous rendant \u00e0 la cabane foresti\u00e8re pour le pic-nic de midi, Maria-Luisa, aid\u00e9e des enfants, \u00e0 glan\u00e9 \u00e7a et l\u00e0 de quoi nous pr\u00e9parer un ap\u00e9ro : humus aux herbes, servi sur des crudit\u00e9s fraiches, sauce tartare, etc. Un vrai r\u00e9gal, les toast au saumon et autres n&rsquo;ont qu&rsquo;\u00e0 bien se tenir!<\/p>\n<p><a href=\"http:\/\/www.embellissement-montfaucon.ch\/wp\/wp-content\/uploads\/2014\/06\/wpid-dsc_0725.jpg\"><img loading=\"lazy\" decoding=\"async\" class=\"aligncenter size-thumbnail wp-image-171\" src=\"http:\/\/www.embellissement-montfaucon.ch\/wp\/wp-content\/uploads\/2014\/06\/wpid-dsc_0725-150x150.jpg\" alt=\"wpid-dsc_0725.jpg\" width=\"150\" height=\"150\" \/><\/a><\/p>\n<p><a href=\"http:\/\/www.embellissement-montfaucon.ch\/wp\/wp-content\/uploads\/2014\/06\/wpid-dsc_0732-e1402349341235.jpg\"><img loading=\"lazy\" decoding=\"async\" class=\"aligncenter size-thumbnail wp-image-172\" src=\"http:\/\/www.embellissement-montfaucon.ch\/wp\/wp-content\/uploads\/2014\/06\/wpid-dsc_0732-150x150.jpg\" alt=\"wpid-dsc_0732.jpg\" width=\"150\" height=\"150\" \/><\/a><\/p>\n<p><a href=\"http:\/\/www.embellissement-montfaucon.ch\/wp\/wp-content\/uploads\/2014\/06\/wpid-dsc_0734-e1402349319923.jpg\"><img loading=\"lazy\" decoding=\"async\" class=\"aligncenter size-thumbnail wp-image-173\" src=\"http:\/\/www.embellissement-montfaucon.ch\/wp\/wp-content\/uploads\/2014\/06\/wpid-dsc_0734-150x150.jpg\" alt=\"wpid-dsc_0734.jpg\" width=\"150\" height=\"150\" \/><\/a><\/p>\n<p><a href=\"http:\/\/www.embellissement-montfaucon.ch\/wp\/wp-content\/uploads\/2014\/06\/wpid-dsc_0737-e1402349285237.jpg\"><img loading=\"lazy\" decoding=\"async\" class=\"aligncenter size-thumbnail wp-image-174\" src=\"http:\/\/www.embellissement-montfaucon.ch\/wp\/wp-content\/uploads\/2014\/06\/wpid-dsc_0737-150x150.jpg\" alt=\"wpid-dsc_0737.jpg\" width=\"150\" height=\"150\" \/><\/a><\/p>\n<p>Un grand merci \u00e0 Maria-Luisa pour ces d\u00e9couvertes et cette sensibilisation \u00e0 tout ce que nous avons \u00e0 port\u00e9 de panier !<\/p>\n<p>Les recettes de l&rsquo;ap\u00e9ro confectionn\u00e9 sont disponibles <a href=\"http:\/\/www.embellissement-montfaucon.ch\/wp\/wp-content\/uploads\/2014\/06\/plantes_Montfaucon.pdf\" target=\"_blank\">ici \ud83d\ude42<\/a><br \/>\nRetrouvez plus d&rsquo;information sur les activit\u00e9s de Madame Wenger <a href=\"http:\/\/www.doubsdenature.ch\/\" target=\"_blank\">ici<\/a>.<\/p>\n","protected":false},"excerpt":{"rendered":"<p>Pour ce lundi de Pentec\u00f4te, avec une m\u00e9t\u00e9o caniculaire, il ne fallait pas pr\u00e9voir une trop grande exp\u00e9dition. Ainsi donc, sous la houlette de Maria-Luisa Wenger, nous avons parcourus les talus et bosquets qui bordent les chemins du village et &hellip; <a href=\"https:\/\/www.embellissement-montfaucon.ch\/wp\/?p=175\">Continuer la lecture <span class=\"meta-nav\">&rarr;<\/span><\/a><\/p>\n","protected":false},"author":1,"featured_media":0,"comment_status":"closed","ping_status":"closed","sticky":false,"template":"","format":"standard","meta":{"footnotes":""},"categories":[3,14,1],"tags":[],"class_list":["post-175","post","type-post","status-publish","format-standard","hentry","category-animations","category-cabane","category-non-classe"],"_links":{"self":[{"href":"https:\/\/www.embellissement-montfaucon.ch\/wp\/index.php?rest_route=\/wp\/v2\/posts\/175","targetHints":{"allow":["GET"]}}],"collection":[{"href":"https:\/\/www.embellissement-montfaucon.ch\/wp\/index.php?rest_route=\/wp\/v2\/posts"}],"about":[{"href":"https:\/\/www.embellissement-montfaucon.ch\/wp\/index.php?rest_route=\/wp\/v2\/types\/post"}],"author":[{"embeddable":true,"href":"https:\/\/www.embellissement-montfaucon.ch\/wp\/index.php?rest_route=\/wp\/v2\/users\/1"}],"replies":[{"embeddable":true,"href":"https:\/\/www.embellissement-montfaucon.ch\/wp\/index.php?rest_route=%2Fwp%2Fv2%2Fcomments&post=175"}],"version-history":[{"count":8,"href":"https:\/\/www.embellissement-montfaucon.ch\/wp\/index.php?rest_route=\/wp\/v2\/posts\/175\/revisions"}],"predecessor-version":[{"id":184,"href":"https:\/\/www.embellissement-montfaucon.ch\/wp\/index.php?rest_route=\/wp\/v2\/posts\/175\/revisions\/184"}],"wp:attachment":[{"href":"https:\/\/www.embellissement-montfaucon.ch\/wp\/index.php?rest_route=%2Fwp%2Fv2%2Fmedia&parent=175"}],"wp:term":[{"taxonomy":"category","embeddable":true,"href":"https:\/\/www.embellissement-montfaucon.ch\/wp\/index.php?rest_route=%2Fwp%2Fv2%2Fcategories&post=175"},{"taxonomy":"post_tag","embeddable":true,"href":"https:\/\/www.embellissement-montfaucon.ch\/wp\/index.php?rest_route=%2Fwp%2Fv2%2Ftags&post=175"}],"curies":[{"name":"wp","href":"https:\/\/api.w.org\/{rel}","templated":true}]}}