{"id":230,"date":"2015-08-23T19:56:41","date_gmt":"2015-08-23T18:56:41","guid":{"rendered":"http:\/\/www.embellissement-montfaucon.ch\/wp\/?p=230"},"modified":"2015-09-05T17:26:21","modified_gmt":"2015-09-05T16:26:21","slug":"2015-marche-13-septembre-2015","status":"publish","type":"post","link":"https:\/\/www.embellissement-montfaucon.ch\/wp\/?p=230","title":{"rendered":"2015 Marche 13 Septembre 2015"},"content":{"rendered":"<p>Notre soci\u00e9t\u00e9 organise une marche en collaboration avec Enfers d&rsquo;avantage le dimanche 13 septembre 2015<\/p>\n<p>Cette balade nous emm\u00e8nera par divers terrain varier dans les c\u00f4tes du Doubs en passant par le magnifique point de vu de Ch\u00e2teau-Cugny et se terminera au Patalours ou un grill sera \u00e0 votre disposition.<\/p>\n<p>:<\/p>\n<p><img loading=\"lazy\" decoding=\"async\" class=\"alignnone size-medium wp-image-232\" src=\"http:\/\/www.embellissement-montfaucon.ch\/wp\/wp-content\/uploads\/2015\/08\/chate-300x224.jpg\" alt=\"chate\" width=\"300\" height=\"224\" srcset=\"https:\/\/www.embellissement-montfaucon.ch\/wp\/wp-content\/uploads\/2015\/08\/chate-300x224.jpg 300w, https:\/\/www.embellissement-montfaucon.ch\/wp\/wp-content\/uploads\/2015\/08\/chate.jpg 667w\" sizes=\"auto, (max-width: 300px) 100vw, 300px\" \/><\/p>\n<p>Info:<\/p>\n<p>D\u00e9part: 9h devant la Pomme d&rsquo;or 9h15 devant l&rsquo;\u00e9cole des Enfers<\/p>\n<p>Distance : environ 10 km<\/p>\n<p>Repas et boissons: Tir\u00e9 du sac, grill et tables \u00e0 disposition.<\/p>\n<p>Cette balade est ouverte \u00e0 tout le monde qui souhaite passer une journ\u00e9e sympa et d\u00e9couvrir un coin de notre r\u00e9gion.<\/p>\n<p>Renseignement 079\/ 235 55 89<\/p>\n<p>&nbsp;<\/p>\n<p>La voie est libre \ud83d\ude42<br \/>\nAvant:<br \/>\n<a href=\"http:\/\/www.embellissement-montfaucon.ch\/wp\/wp-content\/uploads\/2015\/09\/wpid-img_20150905_115146.jpg\"><img decoding=\"async\" title=\"IMG_20150905_115146.jpg\" class=\"alignnone size-full\"  alt=\"image\" src=\"http:\/\/www.embellissement-montfaucon.ch\/wp\/wp-content\/uploads\/2015\/09\/wpid-img_20150905_115146.jpg\" \/><\/a><br \/>\nApr\u00e8s :<br \/>\n<a href=\"http:\/\/www.embellissement-montfaucon.ch\/wp\/wp-content\/uploads\/2015\/09\/wpid-img_20150905_131333.jpg\"><img decoding=\"async\" title=\"IMG_20150905_131333.jpg\" class=\"alignnone size-full\"  alt=\"image\" src=\"http:\/\/www.embellissement-montfaucon.ch\/wp\/wp-content\/uploads\/2015\/09\/wpid-img_20150905_131333.jpg\" \/><\/a> <\/p>\n<p>&nbsp;<\/p>\n","protected":false},"excerpt":{"rendered":"<p>Notre soci\u00e9t\u00e9 organise une marche en collaboration avec Enfers d&rsquo;avantage le dimanche 13 septembre 2015 Cette balade nous emm\u00e8nera par divers terrain varier dans les c\u00f4tes du Doubs en passant par le magnifique point de vu de Ch\u00e2teau-Cugny et se &hellip; <a href=\"https:\/\/www.embellissement-montfaucon.ch\/wp\/?p=230\">Continuer la lecture <span class=\"meta-nav\">&rarr;<\/span><\/a><\/p>\n","protected":false},"author":4,"featured_media":0,"comment_status":"closed","ping_status":"closed","sticky":false,"template":"","format":"standard","meta":{"footnotes":""},"categories":[1],"tags":[],"class_list":["post-230","post","type-post","status-publish","format-standard","hentry","category-non-classe"],"_links":{"self":[{"href":"https:\/\/www.embellissement-montfaucon.ch\/wp\/index.php?rest_route=\/wp\/v2\/posts\/230","targetHints":{"allow":["GET"]}}],"collection":[{"href":"https:\/\/www.embellissement-montfaucon.ch\/wp\/index.php?rest_route=\/wp\/v2\/posts"}],"about":[{"href":"https:\/\/www.embellissement-montfaucon.ch\/wp\/index.php?rest_route=\/wp\/v2\/types\/post"}],"author":[{"embeddable":true,"href":"https:\/\/www.embellissement-montfaucon.ch\/wp\/index.php?rest_route=\/wp\/v2\/users\/4"}],"replies":[{"embeddable":true,"href":"https:\/\/www.embellissement-montfaucon.ch\/wp\/index.php?rest_route=%2Fwp%2Fv2%2Fcomments&post=230"}],"version-history":[{"count":6,"href":"https:\/\/www.embellissement-montfaucon.ch\/wp\/index.php?rest_route=\/wp\/v2\/posts\/230\/revisions"}],"predecessor-version":[{"id":239,"href":"https:\/\/www.embellissement-montfaucon.ch\/wp\/index.php?rest_route=\/wp\/v2\/posts\/230\/revisions\/239"}],"wp:attachment":[{"href":"https:\/\/www.embellissement-montfaucon.ch\/wp\/index.php?rest_route=%2Fwp%2Fv2%2Fmedia&parent=230"}],"wp:term":[{"taxonomy":"category","embeddable":true,"href":"https:\/\/www.embellissement-montfaucon.ch\/wp\/index.php?rest_route=%2Fwp%2Fv2%2Fcategories&post=230"},{"taxonomy":"post_tag","embeddable":true,"href":"https:\/\/www.embellissement-montfaucon.ch\/wp\/index.php?rest_route=%2Fwp%2Fv2%2Ftags&post=230"}],"curies":[{"name":"wp","href":"https:\/\/api.w.org\/{rel}","templated":true}]}}