{"id":261,"date":"2017-01-23T21:16:27","date_gmt":"2017-01-23T20:16:27","guid":{"rendered":"http:\/\/www.embellissement-montfaucon.ch\/wp\/?p=261"},"modified":"2017-01-26T23:34:39","modified_gmt":"2017-01-26T22:34:39","slug":"2017-telebob","status":"publish","type":"post","link":"https:\/\/www.embellissement-montfaucon.ch\/wp\/?p=261","title":{"rendered":"2017 &#8211; T\u00e9l\u00e9bob"},"content":{"rendered":"<p>Cette ann\u00e9e le t\u00e9l\u00e9bob aura \u00e9t\u00e9 un peu plus m\u00e9diatis\u00e9 que d&rsquo;habitude, avec un reportage \u00e0 la radio RFJ et un autre au TJ de la RTS.<\/p>\n<p>C&rsquo;est l&rsquo;occasion de remercier tous les b\u00e9n\u00e9voles qui donnent leur temps et \u0153uvrent \u00e0 son bon fonctionnement.<\/p>\n<p>La panne relat\u00e9e en d\u00e9but de semaine est r\u00e9par\u00e9e, merci \u00e0 tous les intervenants. L&rsquo;installation sera \u00e0 nouveau en fonction ce weekend, le samedi et dimanche, de 13h30 \u00e0 16h00.<\/p>\n<p>Pour rappel, nous avons toujours besoin de b\u00e9n\u00e9voles pour faire fonctionner le t\u00e9l\u00e9bob. N&rsquo;h\u00e9sitez pas \u00e0 nous contacter si vous avez envie de donner un peu de votre temps pour les gamins de la r\u00e9gion \ud83d\ude42<\/p>\n<p>&nbsp;<\/p>\n<p>Nicolas : 079\/235 55 89<\/p>\n<p>&nbsp;<\/p>\n","protected":false},"excerpt":{"rendered":"<p>Cette ann\u00e9e le t\u00e9l\u00e9bob aura \u00e9t\u00e9 un peu plus m\u00e9diatis\u00e9 que d&rsquo;habitude, avec un reportage \u00e0 la radio RFJ et un autre au TJ de la RTS. C&rsquo;est l&rsquo;occasion de remercier tous les b\u00e9n\u00e9voles qui donnent leur temps et \u0153uvrent &hellip; <a href=\"https:\/\/www.embellissement-montfaucon.ch\/wp\/?p=261\">Continuer la lecture <span class=\"meta-nav\">&rarr;<\/span><\/a><\/p>\n","protected":false},"author":1,"featured_media":0,"comment_status":"closed","ping_status":"closed","sticky":false,"template":"","format":"standard","meta":{"footnotes":""},"categories":[15],"tags":[],"class_list":["post-261","post","type-post","status-publish","format-standard","hentry","category-telebob"],"_links":{"self":[{"href":"https:\/\/www.embellissement-montfaucon.ch\/wp\/index.php?rest_route=\/wp\/v2\/posts\/261","targetHints":{"allow":["GET"]}}],"collection":[{"href":"https:\/\/www.embellissement-montfaucon.ch\/wp\/index.php?rest_route=\/wp\/v2\/posts"}],"about":[{"href":"https:\/\/www.embellissement-montfaucon.ch\/wp\/index.php?rest_route=\/wp\/v2\/types\/post"}],"author":[{"embeddable":true,"href":"https:\/\/www.embellissement-montfaucon.ch\/wp\/index.php?rest_route=\/wp\/v2\/users\/1"}],"replies":[{"embeddable":true,"href":"https:\/\/www.embellissement-montfaucon.ch\/wp\/index.php?rest_route=%2Fwp%2Fv2%2Fcomments&post=261"}],"version-history":[{"count":4,"href":"https:\/\/www.embellissement-montfaucon.ch\/wp\/index.php?rest_route=\/wp\/v2\/posts\/261\/revisions"}],"predecessor-version":[{"id":265,"href":"https:\/\/www.embellissement-montfaucon.ch\/wp\/index.php?rest_route=\/wp\/v2\/posts\/261\/revisions\/265"}],"wp:attachment":[{"href":"https:\/\/www.embellissement-montfaucon.ch\/wp\/index.php?rest_route=%2Fwp%2Fv2%2Fmedia&parent=261"}],"wp:term":[{"taxonomy":"category","embeddable":true,"href":"https:\/\/www.embellissement-montfaucon.ch\/wp\/index.php?rest_route=%2Fwp%2Fv2%2Fcategories&post=261"},{"taxonomy":"post_tag","embeddable":true,"href":"https:\/\/www.embellissement-montfaucon.ch\/wp\/index.php?rest_route=%2Fwp%2Fv2%2Ftags&post=261"}],"curies":[{"name":"wp","href":"https:\/\/api.w.org\/{rel}","templated":true}]}}